{"id":4881,"date":"2026-06-30T11:56:23","date_gmt":"2026-06-30T09:56:23","guid":{"rendered":"https:\/\/filiazdunskawola.bpsieradz.pl\/?p=4881"},"modified":"2026-06-30T11:56:24","modified_gmt":"2026-06-30T09:56:24","slug":"ludzie-wokol-mnieletnie-inspiracje","status":"publish","type":"post","link":"https:\/\/filiazdunskawola.bpsieradz.pl\/?p=4881","title":{"rendered":"\u201eLudzie wok\u00f3\u0142 mnie\u2026letnie inspiracje\u201d."},"content":{"rendered":"\n<p class=\"wp-block-paragraph\">Serdecznie zapraszamy na wystaw\u0119 prac \u201eLudzie wok\u00f3\u0142 mnie\u2026letnie inspiracje\u201d, autorstwa Pani Wies\u0142awy Chlebowskiej \u2013 emerytowanej nauczycielki konsultantki CRE W\u0141 WODN w Sieradzu. Pani Wies\u0142awa rysowa\u0142a od zawsze \u2013 jako dziecko na wszystkim, co by\u0142o pod r\u0119k\u0105: na zdj\u0119ciach, w ksi\u0105\u017ckach, a p\u00f3\u017aniej w szkolnych zeszytach. Od dwudziestego roku \u017cycia artystka tworzy\u0142a obrazy olejne i akrylowe, akwarele oraz prace w ulubionej technice suchych pasteli. Jej prace znajduj\u0105 si\u0119 w domach rodziny, przyjaci\u00f3\u0142 i znajomych, co stanowi najpi\u0119kniejszy sens jej tw\u00f3rczo\u015bci.<\/p>\n\n\n\n<p class=\"wp-block-paragraph\">Artystka mia\u0142a okazj\u0119 zaprezentowa\u0107 swoje prace podczas czterech kameralnych wystaw \u2013 w Miejskiej Bibliotece Publicznej w Sieradzu (Filia nr 2), dwukrotnie w Bibliotece Pedagogicznej w Sieradzu oraz w Filii w Zdu\u0144skiej Woli.<\/p>\n\n\n\n<p class=\"wp-block-paragraph\">W tw\u00f3rczo\u015bci Pani Wies\u0142awy dominuj\u0105 pejza\u017ce, kwiaty i zwierz\u0119ta, jednak szczeg\u00f3lne miejsce zajmuje cz\u0142owiek \u2013 jego emocje, gesty i niepowtarzalna obecno\u015b\u0107. W\u0142a\u015bnie te ulotne chwile sta\u0142y si\u0119 inspiracj\u0105 dla malarskiej tw\u00f3rczo\u015bci artystki.<\/p>\n\n\n\n<p class=\"wp-block-paragraph\">Prezentowane na wystawie \u201eLudzie wok\u00f3\u0142 mnie\u2026 letnie inspiracje\u201d prace powsta\u0142y na podstawie fotografii, cz\u0119sto wykonanych przez autork\u0119 \u2013 przedstawiaj\u0105cych zar\u00f3wno osoby bliskie, jak i ludzi spotkanych przypadkowo podczas letnich podr\u00f3\u017cy i wakacyjnych chwil. Ka\u017cdy portret niesie ze sob\u0105 histori\u0119, wspomnienie i emocje. Ka\u017cda posta\u0107 staje si\u0119 pr\u00f3b\u0105 zatrzymania tego, co ulotne \u2013 charakteru, prze\u017cycia i pi\u0119kna ludzkiej obecno\u015bci.<\/p>\n\n\n\n<p class=\"wp-block-paragraph\"><strong>Miejsce wystawy: Biblioteka Pedagogiczna w Sieradzu Filia w Zdu\u0144skiej Woli.<\/strong><\/p>\n\n\n\n<p class=\"wp-block-paragraph\"><strong>Czas trwania: 1 lipca \u2013 31 sierpnia 2026 r.<\/strong><\/p>\n\n\n\n<p class=\"wp-block-paragraph\">Serdecznie zapraszamy do odwiedzenia wystawy i uwa\u017cnego spojrzenia \u2013 na sztuk\u0119, na drugiego cz\u0142owieka i na \u015bwiat, kt\u00f3ry najpe\u0142niej odkrywamy poprzez ludzi.<\/p>\n\n\n\n<p class=\"wp-block-paragraph\">Serdeczne podzi\u0119kowania dla Pani Wies\u0142awy Chlebowskiej za mo\u017cliwo\u015b\u0107 zaprezentowania tych wyj\u0105tkowych prac i podzielenia si\u0119 swoj\u0105 wra\u017cliwo\u015bci\u0105 oraz talentem.<\/p>\n\n\n\nngg_shortcode_0_placeholder\n","protected":false},"excerpt":{"rendered":"<p>Serdecznie zapraszamy na wystaw\u0119 prac \u201eLudzie wok\u00f3\u0142 mnie\u2026letnie inspiracje\u201d, autorstwa Pani Wies\u0142awy Chlebowskiej \u2013 emerytowanej nauczycielki konsultantki CRE W\u0141 WODN &hellip;<\/p>\n","protected":false},"author":1,"featured_media":4898,"comment_status":"closed","ping_status":"open","sticky":false,"template":"","format":"standard","meta":{"ngg_post_thumbnail":2813,"footnotes":""},"categories":[4],"tags":[],"class_list":["post-4881","post","type-post","status-publish","format-standard","has-post-thumbnail","hentry","category-aktualnosci"],"_links":{"self":[{"href":"https:\/\/filiazdunskawola.bpsieradz.pl\/index.php?rest_route=\/wp\/v2\/posts\/4881","targetHints":{"allow":["GET"]}}],"collection":[{"href":"https:\/\/filiazdunskawola.bpsieradz.pl\/index.php?rest_route=\/wp\/v2\/posts"}],"about":[{"href":"https:\/\/filiazdunskawola.bpsieradz.pl\/index.php?rest_route=\/wp\/v2\/types\/post"}],"author":[{"embeddable":true,"href":"https:\/\/filiazdunskawola.bpsieradz.pl\/index.php?rest_route=\/wp\/v2\/users\/1"}],"replies":[{"embeddable":true,"href":"https:\/\/filiazdunskawola.bpsieradz.pl\/index.php?rest_route=%2Fwp%2Fv2%2Fcomments&post=4881"}],"version-history":[{"count":1,"href":"https:\/\/filiazdunskawola.bpsieradz.pl\/index.php?rest_route=\/wp\/v2\/posts\/4881\/revisions"}],"predecessor-version":[{"id":4899,"href":"https:\/\/filiazdunskawola.bpsieradz.pl\/index.php?rest_route=\/wp\/v2\/posts\/4881\/revisions\/4899"}],"wp:featuredmedia":[{"embeddable":true,"href":"https:\/\/filiazdunskawola.bpsieradz.pl\/index.php?rest_route=\/wp\/v2\/media\/4898"}],"wp:attachment":[{"href":"https:\/\/filiazdunskawola.bpsieradz.pl\/index.php?rest_route=%2Fwp%2Fv2%2Fmedia&parent=4881"}],"wp:term":[{"taxonomy":"category","embeddable":true,"href":"https:\/\/filiazdunskawola.bpsieradz.pl\/index.php?rest_route=%2Fwp%2Fv2%2Fcategories&post=4881"},{"taxonomy":"post_tag","embeddable":true,"href":"https:\/\/filiazdunskawola.bpsieradz.pl\/index.php?rest_route=%2Fwp%2Fv2%2Ftags&post=4881"}],"curies":[{"name":"wp","href":"https:\/\/api.w.org\/{rel}","templated":true}]}}