{"id":4810,"date":"2026-06-11T08:10:49","date_gmt":"2026-06-11T06:10:49","guid":{"rendered":"https:\/\/filiazdunskawola.bpsieradz.pl\/?p=4810"},"modified":"2026-06-11T08:10:50","modified_gmt":"2026-06-11T06:10:50","slug":"konkurs-fotograficzny-widziec-wiecej-opowiesci-zapisane-w-pejzazu","status":"publish","type":"post","link":"https:\/\/filiazdunskawola.bpsieradz.pl\/?p=4810","title":{"rendered":"Konkurs fotograficzny \u201eWidzie\u0107 wi\u0119cej \u2013 opowie\u015bci zapisane w pejza\u017cu\u201d."},"content":{"rendered":"\n<p class=\"wp-block-paragraph\">Dnia 9 czerwca 2026 r. w naszej bibliotece odby\u0142o si\u0119 uroczyste rozstrzygni\u0119cie konkursu fotograficznego organizowany przez Centrum Rozwoju Edukacji Wojew\u00f3dztwa \u0141\u00f3dzkiego Bibliotek\u0119 Pedagogiczn\u0105 w Sieradzu Fili\u0119 w Zdu\u0144skiej Woli.<\/p>\n\n\n\n<p class=\"wp-block-paragraph\">Celem konkursu by\u0142o pobudzenie w\u015br\u00f3d uczestnik\u00f3w pomys\u0142owo\u015bci uj\u0119cia, kreatywno\u015bci oraz indywidualnego spojrzenia na otaczaj\u0105c\u0105 nas natur\u0119 oraz inspirowanie m\u0142odzie\u017cy do tw\u00f3rczych dzia\u0142a\u0144, zach\u0119canie do odkrywania w\u0142asnych fotograficznych mo\u017cliwo\u015bci.<\/p>\n\n\n\n<p class=\"wp-block-paragraph\">Wszystkich zebranych przywita\u0142a i nagrody wr\u0119czy\u0142a pani Daniela Danielewska-Matusiak \u2013 wicedyrektor Centrum Rozwoju Edukacji Wojew\u00f3dztwa \u0141\u00f3dzkiego w Sieradzu.<\/p>\n\n\n\n<p class=\"wp-block-paragraph\">Jury w sk\u0142adzie: pani Arlena Przelaz\u0142a-Matusiak (artystka, nauczyciel plastyki), pani Patrycja Szafra\u0144ska (fotograf) oraz pani Paulina Banasiak (nauczyciel bibliotekarz z CREW\u0141 w Sieradzu) mia\u0142o nie\u0142atwe zadanie, poniewa\u017c poziom konkursu by\u0142 bardzo wysoki.<\/p>\n\n\n\n<p class=\"wp-block-paragraph\">Po wnikliwej ocenie zg\u0142osze\u0144 jury wy\u0142oni\u0142o laureat\u00f3w konkursu:<\/p>\n\n\n\n<p class=\"wp-block-paragraph\"><strong>I miejsce:<\/strong> Wojciech Grzanka z Zespo\u0142u Szk\u00f3\u0142 im. Kazimierza Ka\u0142u\u017cewskiego i Juliusza \u00a0Sylli w Zdu\u0144skiej Woli<br><strong>II miejsce:<\/strong> Jana Brodowska z Zespo\u0142u Szk\u00f3\u0142 Zawodowych nr 1 im. Obro\u0144c\u00f3w Westerplatte w Zdu\u0144skiej Woli<br><strong>III miejsce:<\/strong> Gabriela Michnik z Zespo\u0142u Szk\u00f3\u0142 Aktywno\u015bci Zawodowej w Zdu\u0144skiej Woli<\/p>\n\n\n\n<p class=\"wp-block-paragraph\"><strong>Wyr\u00f3\u017cnienia otrzymali:<\/strong><\/p>\n\n\n\n<ul class=\"wp-block-list\">\n<li>Karolina Nag\u0142a z Zespo\u0142u Szk\u00f3\u0142 Aktywno\u015bci Zawodowej w Zdu\u0144skiej Woli<\/li>\n\n\n\n<li>Marta Kacprzak z Pa\u0144stwowego Liceum Sztuk Plastycznych im. Katarzyny Kobro w Zdu\u0144skiej Woli<\/li>\n\n\n\n<li>Blanka Karpi\u0144ska z II Liceum Og\u00f3lnokszta\u0142c\u0105cego im. Jana Paw\u0142a II w Zdu\u0144skiej Woli<\/li>\n\n\n\n<li>Stanis\u0142aw Wierucki z Zespo\u0142u Szk\u00f3\u0142 Zawodowych nr 1 im. Obro\u0144c\u00f3w Westerplatte w Zdu\u0144skiej Woli<\/li>\n<\/ul>\n\n\n\n<p class=\"wp-block-paragraph\">Gratulujemy wszystkim nagrodzonym i wyr\u00f3\u017cnionym!<\/p>\n\n\n\n<p class=\"wp-block-paragraph\">Dzi\u0119kujemy r\u00f3wnie\u017c wszystkim uczestnikom za kreatywno\u015b\u0107, wra\u017cliwo\u015b\u0107 oraz pasj\u0119 do fotografii. Wysoki poziom nades\u0142anych prac sprawi\u0142, \u017ce wyb\u00f3r laureat\u00f3w by\u0142 niezwykle trudny.<\/p>\n\n\n\n<p class=\"wp-block-paragraph\">Zach\u0119camy do obejrzenia galerii nades\u0142anych w konkursie zdj\u0119\u0107, kt\u00f3re najlepiej pokazuj\u0105, jak wiele historii mo\u017cna odnale\u017a\u0107 i zapisa\u0107 w pejza\u017cu.<\/p>\n\n\n\n<p class=\"wp-block-paragraph\">Do zobaczenia podczas kolejnych konkurs\u00f3w i wydarze\u0144!<\/p>\n\n\n\nngg_shortcode_0_placeholder\n","protected":false},"excerpt":{"rendered":"<p>Dnia 9 czerwca 2026 r. w naszej bibliotece odby\u0142o si\u0119 uroczyste rozstrzygni\u0119cie konkursu fotograficznego organizowany przez Centrum Rozwoju Edukacji Wojew\u00f3dztwa &hellip;<\/p>\n","protected":false},"author":1,"featured_media":4842,"comment_status":"closed","ping_status":"open","sticky":false,"template":"","format":"standard","meta":{"ngg_post_thumbnail":0,"footnotes":""},"categories":[4],"tags":[],"class_list":["post-4810","post","type-post","status-publish","format-standard","has-post-thumbnail","hentry","category-aktualnosci"],"_links":{"self":[{"href":"https:\/\/filiazdunskawola.bpsieradz.pl\/index.php?rest_route=\/wp\/v2\/posts\/4810","targetHints":{"allow":["GET"]}}],"collection":[{"href":"https:\/\/filiazdunskawola.bpsieradz.pl\/index.php?rest_route=\/wp\/v2\/posts"}],"about":[{"href":"https:\/\/filiazdunskawola.bpsieradz.pl\/index.php?rest_route=\/wp\/v2\/types\/post"}],"author":[{"embeddable":true,"href":"https:\/\/filiazdunskawola.bpsieradz.pl\/index.php?rest_route=\/wp\/v2\/users\/1"}],"replies":[{"embeddable":true,"href":"https:\/\/filiazdunskawola.bpsieradz.pl\/index.php?rest_route=%2Fwp%2Fv2%2Fcomments&post=4810"}],"version-history":[{"count":1,"href":"https:\/\/filiazdunskawola.bpsieradz.pl\/index.php?rest_route=\/wp\/v2\/posts\/4810\/revisions"}],"predecessor-version":[{"id":4843,"href":"https:\/\/filiazdunskawola.bpsieradz.pl\/index.php?rest_route=\/wp\/v2\/posts\/4810\/revisions\/4843"}],"wp:featuredmedia":[{"embeddable":true,"href":"https:\/\/filiazdunskawola.bpsieradz.pl\/index.php?rest_route=\/wp\/v2\/media\/4842"}],"wp:attachment":[{"href":"https:\/\/filiazdunskawola.bpsieradz.pl\/index.php?rest_route=%2Fwp%2Fv2%2Fmedia&parent=4810"}],"wp:term":[{"taxonomy":"category","embeddable":true,"href":"https:\/\/filiazdunskawola.bpsieradz.pl\/index.php?rest_route=%2Fwp%2Fv2%2Fcategories&post=4810"},{"taxonomy":"post_tag","embeddable":true,"href":"https:\/\/filiazdunskawola.bpsieradz.pl\/index.php?rest_route=%2Fwp%2Fv2%2Ftags&post=4810"}],"curies":[{"name":"wp","href":"https:\/\/api.w.org\/{rel}","templated":true}]}}