{"id":4797,"date":"2026-06-03T09:07:00","date_gmt":"2026-06-03T07:07:00","guid":{"rendered":"https:\/\/filiazdunskawola.bpsieradz.pl\/?p=4797"},"modified":"2026-06-03T09:07:00","modified_gmt":"2026-06-03T07:07:00","slug":"4797","status":"publish","type":"post","link":"https:\/\/filiazdunskawola.bpsieradz.pl\/?p=4797","title":{"rendered":""},"content":{"rendered":"\n<p class=\"wp-block-paragraph\">Dzie\u0144 Dziecka \u2013 opowie\u015bci i zabawy w bibliotece<\/p>\n\n\n\n<p class=\"wp-block-paragraph\">W ramach obchod\u00f3w Dnia Dziecka, 2 czerwca nasz\u0105 Bibliotek\u0119 odwiedzi\u0142a grupa dzieci z Zespo\u0142u Szk\u00f3\u0142 Specjalnych im. Marii Grzegorzewskiej w Zdu\u0144skiej Woli. Spotkanie rozpocz\u0119li\u015bmy od niezwyk\u0142ej opowie\u015bci przedstawionej w formie teatrzyku kamishibai. Bajka o przygodach Wilusia &nbsp;i \u015bwiecie kolor\u00f3w wzbudzi\u0142a w\u015br\u00f3d dzieci wiele emocji, ciekawo\u015bci i rado\u015bci. Po wsp\u00f3lnym czytaniu przyszed\u0142 czas na zabaw\u0119 i odkrywanie bibliotecznych atrakcji. Mali go\u015bcie z zainteresowaniem ogl\u0105dali kolorowe ksi\u0105\u017ceczki, sprawdzali swoj\u0105 wiedz\u0119 i spryt, rozwi\u0105zuj\u0105c zagadki ukryte w \u201ePude\u0142ku Zagadek\u201d, a tak\u017ce pokonywali sensoryczn\u0105 \u015bcie\u017ck\u0119 \u2013 wyj\u0105tkowy tor przeszk\u00f3d rozwijaj\u0105cy zmys\u0142y i wyobra\u017ani\u0119. Nie zabrak\u0142o u\u015bmiech\u00f3w, dobrej zabawy i wsp\u00f3lnie sp\u0119dzonego czasu w\u015br\u00f3d ksi\u0105\u017cek. Na zako\u0144czenie ka\u017cdy uczestnik otrzyma\u0142 pami\u0105tkowy Dyplom Ma\u0142ego Mi\u0142o\u015bnika Ksi\u0105\u017cek\ud83d\udcd6<\/p>\n\n\n\n<p class=\"wp-block-paragraph\">Dzi\u0119kujemy za odwiedziny, wspania\u0142\u0105 atmosfer\u0119 i mn\u00f3stwo pozytywnej energii. Mamy nadziej\u0119, \u017ce to spotkanie pozostanie na d\u0142ugo w pami\u0119ci naszych ma\u0142ych go\u015bci.<\/p>\n\n\n\nngg_shortcode_0_placeholder\n","protected":false},"excerpt":{"rendered":"<p>Dzie\u0144 Dziecka \u2013 opowie\u015bci i zabawy w bibliotece W ramach obchod\u00f3w Dnia Dziecka, 2 czerwca nasz\u0105 Bibliotek\u0119 odwiedzi\u0142a grupa dzieci &hellip;<\/p>\n","protected":false},"author":1,"featured_media":4807,"comment_status":"closed","ping_status":"open","sticky":false,"template":"","format":"standard","meta":{"ngg_post_thumbnail":0,"footnotes":""},"categories":[4],"tags":[],"class_list":["post-4797","post","type-post","status-publish","format-standard","has-post-thumbnail","hentry","category-aktualnosci"],"_links":{"self":[{"href":"https:\/\/filiazdunskawola.bpsieradz.pl\/index.php?rest_route=\/wp\/v2\/posts\/4797","targetHints":{"allow":["GET"]}}],"collection":[{"href":"https:\/\/filiazdunskawola.bpsieradz.pl\/index.php?rest_route=\/wp\/v2\/posts"}],"about":[{"href":"https:\/\/filiazdunskawola.bpsieradz.pl\/index.php?rest_route=\/wp\/v2\/types\/post"}],"author":[{"embeddable":true,"href":"https:\/\/filiazdunskawola.bpsieradz.pl\/index.php?rest_route=\/wp\/v2\/users\/1"}],"replies":[{"embeddable":true,"href":"https:\/\/filiazdunskawola.bpsieradz.pl\/index.php?rest_route=%2Fwp%2Fv2%2Fcomments&post=4797"}],"version-history":[{"count":1,"href":"https:\/\/filiazdunskawola.bpsieradz.pl\/index.php?rest_route=\/wp\/v2\/posts\/4797\/revisions"}],"predecessor-version":[{"id":4808,"href":"https:\/\/filiazdunskawola.bpsieradz.pl\/index.php?rest_route=\/wp\/v2\/posts\/4797\/revisions\/4808"}],"wp:featuredmedia":[{"embeddable":true,"href":"https:\/\/filiazdunskawola.bpsieradz.pl\/index.php?rest_route=\/wp\/v2\/media\/4807"}],"wp:attachment":[{"href":"https:\/\/filiazdunskawola.bpsieradz.pl\/index.php?rest_route=%2Fwp%2Fv2%2Fmedia&parent=4797"}],"wp:term":[{"taxonomy":"category","embeddable":true,"href":"https:\/\/filiazdunskawola.bpsieradz.pl\/index.php?rest_route=%2Fwp%2Fv2%2Fcategories&post=4797"},{"taxonomy":"post_tag","embeddable":true,"href":"https:\/\/filiazdunskawola.bpsieradz.pl\/index.php?rest_route=%2Fwp%2Fv2%2Ftags&post=4797"}],"curies":[{"name":"wp","href":"https:\/\/api.w.org\/{rel}","templated":true}]}}