{"id":4691,"date":"2026-05-18T07:29:29","date_gmt":"2026-05-18T05:29:29","guid":{"rendered":"https:\/\/filiazdunskawola.bpsieradz.pl\/?p=4691"},"modified":"2026-05-18T07:29:29","modified_gmt":"2026-05-18T05:29:29","slug":"widzenie-portret-muzyka-maska","status":"publish","type":"post","link":"https:\/\/filiazdunskawola.bpsieradz.pl\/?p=4691","title":{"rendered":"WIDZENIE. Portret &#8211; Muzyka \u2013 Maska."},"content":{"rendered":"\n<p class=\"wp-block-paragraph\">Centrum Rozwoju Edukacji Wojew\u00f3dztwa \u0141\u00f3dzkiego Biblioteka Pedagogiczna w Sieradzu Filia w Zdu\u0144skiej Wola zaprasza na wystaw\u0119 prac uczni\u00f3w Pa\u0144stwowego Liceum Sztuk Plastycznych im. K. Kobro w Zdu\u0144skiej Woli pt. \u201eWIDZENIE. Portret &#8211; Muzyka &#8211; Maska\u201d. Wystawa zosta\u0142a zadedykowana Andrzejowi Wajdzie, kt\u00f3rego 100. rocznica urodzin obchodzona jest w roku obecnym. \u201eNajwa\u017cniejsze jest to, jak artysta widzi \u015bwiat\u201d \u2013 Andrzej Wajda.<\/p>\n\n\n\n<p class=\"wp-block-paragraph\">Ekspozycja stanowi r\u00f3wnie\u017c uroczyste zwie\u0144czenie obchod\u00f3w XXIII Og\u00f3lnopolskiego Tygodnia Bibliotek \u2013 czasu spotka\u0144 ze s\u0142owem, obrazem i wra\u017cliwo\u015bci\u0105 na sztuk\u0119. W prezentowanych pracach odnale\u017a\u0107 mo\u017cna echo emocji, \u015bwiat\u0142o wspomnie\u0144 i puls muzyki zamkni\u0119ty w kolorze oraz ge\u015bcie. Portret, maska i d\u017awi\u0119k splataj\u0105 si\u0119 tu w opowie\u015b\u0107 o cz\u0142owieku \u2013 jego tajemnicy, wra\u017cliwo\u015bci i potrzebie tworzenia. To wystawa, kt\u00f3ra zaprasza do zatrzymania si\u0119 na chwil\u0119 i spojrzenia g\u0142\u0119biej \u2013 oczami wyobra\u017ani, serca i sztuki.<\/p>\n\n\n\n<p class=\"wp-block-paragraph\">Prezentowane na wystawie prace autorstwa uczni\u00f3w, obecnie absolwent\u00f3w, pochodz\u0105 z lat: 2003 \u2013 2025.<\/p>\n\n\n\n<ul class=\"wp-block-list\">\n<li>Joanna Perdek i Natalia Lider \u201eFortepian \u2013 Powidoki\u201d 2016<\/li>\n\n\n\n<li>Martyna Maciejewska \u201eAutoportret\u201d 2025<\/li>\n\n\n\n<li>Olga W\u0142odarczyk \u201eAutoportret\u201d 2025<\/li>\n\n\n\n<li>Julia Wojtas \u201eAutoportret\u201d 2025<\/li>\n\n\n\n<li>Agata Sukiennik \u201eAutoportret\u201d 2003<\/li>\n\n\n\n<li>Agnieszka Nakonieczna \u201eCaritas muzyczna\u201d 2019<\/li>\n\n\n\n<li>Natalia Poniatowska \u201eKontemplacja spojrze\u0144 \u2013 pozostaj\u0105c w dialogu z Mistrzem Witem Stwoszem\u201d \u2013 I 2021<\/li>\n\n\n\n<li>Natalia Poniatowska \u201eKontemplacja spojrze\u0144 \u2013 pozostaj\u0105c w dialogu z Mistrzem Witem Stwoszem\u201d \u2013 II 2021<\/li>\n\n\n\n<li>Aleksandra Strupi\u0144ska \u201eAutoportret\u201d 2019<\/li>\n\n\n\n<li>Amelia Wojciechowska \u201eCia\u0142o\u201d 2024<\/li>\n\n\n\n<li>Lilianna S\u0142aby \u201ePodmuch romantyzmu moich Mistrz\u00f3w\u201d 2023<\/li>\n\n\n\n<li>Justyna Ka\u017amierska \u201eB\u0142\u0119kitna pawana\u201d 2019<\/li>\n\n\n\n<li>Justyna Ka\u017amierska \u201ePer\u0142owa pawana\u201d 2019<\/li>\n\n\n\n<li>Ma\u0142gorzata Jurczyk \u201eFortepiany\u201d 2017<\/li>\n<\/ul>\n\n\n\n<p class=\"wp-block-paragraph\">Prace powsta\u0142y pod kierunkiem nauczyciela rysunku i malarstwa: Marzeny Sroczy\u0144skiej-Gudajczyk.<\/p>\n\n\n\n<p class=\"wp-block-paragraph\">Niech to spotkanie z tw\u00f3rczo\u015bci\u0105 m\u0142odych artyst\u00f3w stanie si\u0119 dla odbiorc\u00f3w przestrzeni\u0105 refleksji, wzrusze\u0144 i inspiracji, a tak\u017ce ho\u0142dem dla Andrzeja Wajdy \u2013 mistrza obrazu, kt\u00f3ry uczy\u0142, \u017ce prawdziwe widzenie zaczyna si\u0119 tam, gdzie ko\u0144czy si\u0119 zwyk\u0142e patrzenie.<\/p>\n\n\n\n<p class=\"wp-block-paragraph\">Wystawa trwa\u0107 b\u0119dzie od 15 maja do 26 czerwca 2026 r.<\/p>\n\n\n\n<p class=\"wp-block-paragraph\">Serdecznie zapraszamy.<\/p>\n\n\n\nngg_shortcode_0_placeholder\n","protected":false},"excerpt":{"rendered":"<p>Centrum Rozwoju Edukacji Wojew\u00f3dztwa \u0141\u00f3dzkiego Biblioteka Pedagogiczna w Sieradzu Filia w Zdu\u0144skiej Wola zaprasza na wystaw\u0119 prac uczni\u00f3w Pa\u0144stwowego Liceum &hellip;<\/p>\n","protected":false},"author":1,"featured_media":4760,"comment_status":"closed","ping_status":"open","sticky":false,"template":"","format":"standard","meta":{"ngg_post_thumbnail":0,"footnotes":""},"categories":[4],"tags":[],"class_list":["post-4691","post","type-post","status-publish","format-standard","has-post-thumbnail","hentry","category-aktualnosci"],"_links":{"self":[{"href":"https:\/\/filiazdunskawola.bpsieradz.pl\/index.php?rest_route=\/wp\/v2\/posts\/4691","targetHints":{"allow":["GET"]}}],"collection":[{"href":"https:\/\/filiazdunskawola.bpsieradz.pl\/index.php?rest_route=\/wp\/v2\/posts"}],"about":[{"href":"https:\/\/filiazdunskawola.bpsieradz.pl\/index.php?rest_route=\/wp\/v2\/types\/post"}],"author":[{"embeddable":true,"href":"https:\/\/filiazdunskawola.bpsieradz.pl\/index.php?rest_route=\/wp\/v2\/users\/1"}],"replies":[{"embeddable":true,"href":"https:\/\/filiazdunskawola.bpsieradz.pl\/index.php?rest_route=%2Fwp%2Fv2%2Fcomments&post=4691"}],"version-history":[{"count":1,"href":"https:\/\/filiazdunskawola.bpsieradz.pl\/index.php?rest_route=\/wp\/v2\/posts\/4691\/revisions"}],"predecessor-version":[{"id":4761,"href":"https:\/\/filiazdunskawola.bpsieradz.pl\/index.php?rest_route=\/wp\/v2\/posts\/4691\/revisions\/4761"}],"wp:featuredmedia":[{"embeddable":true,"href":"https:\/\/filiazdunskawola.bpsieradz.pl\/index.php?rest_route=\/wp\/v2\/media\/4760"}],"wp:attachment":[{"href":"https:\/\/filiazdunskawola.bpsieradz.pl\/index.php?rest_route=%2Fwp%2Fv2%2Fmedia&parent=4691"}],"wp:term":[{"taxonomy":"category","embeddable":true,"href":"https:\/\/filiazdunskawola.bpsieradz.pl\/index.php?rest_route=%2Fwp%2Fv2%2Fcategories&post=4691"},{"taxonomy":"post_tag","embeddable":true,"href":"https:\/\/filiazdunskawola.bpsieradz.pl\/index.php?rest_route=%2Fwp%2Fv2%2Ftags&post=4691"}],"curies":[{"name":"wp","href":"https:\/\/api.w.org\/{rel}","templated":true}]}}