{"id":4233,"date":"2025-12-01T08:32:25","date_gmt":"2025-12-01T07:32:25","guid":{"rendered":"https:\/\/filiazdunskawola.bpsieradz.pl\/?p=4233"},"modified":"2025-12-01T08:32:26","modified_gmt":"2025-12-01T07:32:26","slug":"spotkanie-autorskie-z-anna-potyra-literacka-podroz-w-swiat-kryminalu-historii-i-dzieciecej-wyobrazni","status":"publish","type":"post","link":"https:\/\/filiazdunskawola.bpsieradz.pl\/?p=4233","title":{"rendered":"Spotkanie autorskie z Ann\u0105 Potyr\u0105 \u2013 literacka podr\u00f3\u017c w \u015bwiat krymina\u0142u, historii i dzieci\u0119cej wyobra\u017ani."},"content":{"rendered":"<div class=\"wp-block-image\">\n<figure class=\"aligncenter size-full\"><a href=\"https:\/\/bo.lodzkie.pl\/\"><img loading=\"lazy\" decoding=\"async\" width=\"567\" height=\"113\" src=\"http:\/\/filiazdunskawola.bpsieradz.pl\/wp-content\/uploads\/2025\/03\/Belki-01.jpg\" alt=\"\" class=\"wp-image-3380\" srcset=\"https:\/\/filiazdunskawola.bpsieradz.pl\/wp-content\/uploads\/2025\/03\/Belki-01.jpg 567w, https:\/\/filiazdunskawola.bpsieradz.pl\/wp-content\/uploads\/2025\/03\/Belki-01-300x60.jpg 300w, https:\/\/filiazdunskawola.bpsieradz.pl\/wp-content\/uploads\/2025\/03\/Belki-01-421x84.jpg 421w\" sizes=\"auto, (max-width: 567px) 100vw, 567px\" \/><\/a><\/figure>\n<\/div>\n\n\n<p class=\"wp-block-paragraph\">Zgodnie z zapowiedzi\u0105 27 listopada 2025 r. w naszej Bibliotece odby\u0142o si\u0119 spotkanie autorskie z Ann\u0105 Potyr\u0105, autork\u0105 krymina\u0142\u00f3w dla doros\u0142ych i ksi\u0105\u017cek dla dzieci. W wydarzeniu uczestniczyli uczniowie czwartej klasy z I Liceum Og\u00f3lnokszta\u0142c\u0105cego w Zdu\u0144skiej Woli, uczniowie czwartej klasy Technikum Reklamy z Zespo\u0142u Szk\u00f3\u0142 Zawodowych nr 1 w Zdu\u0144skiej Woli, a tak\u017ce czytelnicy naszej Biblioteki.<\/p>\n\n\n\n<p class=\"wp-block-paragraph\">Autorka rozpocz\u0119\u0142a spotkanie od refleksji nad czytelnictwem podkre\u015blaj\u0105c, jak wielk\u0105 rol\u0119 w \u017cyciu cz\u0142owieka odgrywa literatura i dlaczego warto po\u015bwi\u0119ca\u0107 czas na czytanie. W dalszej cz\u0119\u015bci spotkania Anna Potyra opowiedzia\u0142a o swoim bogatym i r\u00f3\u017cnorodnym dorobku pisarskim \u2013 od mrocznych krymina\u0142\u00f3w, przez ksi\u0105\u017cki dla najm\u0142odszych, a\u017c po najnowsz\u0105 powie\u015b\u0107 historyczn\u0105 \u201ePiel\u0119gniarka\u201d. Uczestnicy poznali tajniki procesu kreacji: tworzenie bohater\u00f3w, budowanie fabu\u0142y, rozwijanie my\u015bli przewodniej i konstruowanie scenografii literackiej. Autorka szczeg\u00f3\u0142owo om\u00f3wi\u0142a tak\u017ce etapy powstawania ksi\u0105\u017cki \u2013 rozleg\u0142y research, zapis, prac\u0119 redakcyjn\u0105 w skali makro i mikro, korekt\u0119, sk\u0142ad oraz projektowanie ok\u0142adki. Nie zabrak\u0142o r\u00f3wnie\u017c rozmowy o specyfice gatunku kryminalnego, kt\u00f3ry od lat cieszy si\u0119 najwi\u0119ksz\u0105 popularno\u015bci\u0105 w\u015br\u00f3d czytelnik\u00f3w.<\/p>\n\n\n\n<p class=\"wp-block-paragraph\">Dzi\u0119kujemy Pani Annie Potyrze za inspiruj\u0105ce spotkanie i mo\u017cliwo\u015b\u0107 zajrzenia za kulisy pracy tw\u00f3rczej, a wszystkim uczestnikom za obecno\u015b\u0107 i literack\u0105 energi\u0119.<\/p>\n\n\n\n<p class=\"wp-block-paragraph\">Dzia\u0142anie zrealizowane zosta\u0142o w ramach zadania pn. \u201eZdu\u0144ska Wola &#8211; moje miasto, m\u00f3j dom\u201d Bud\u017cet Obywatelski Wojew\u00f3dztwa \u0141\u00f3dzkiego na 2025 rok.<\/p>\n\n\n\nngg_shortcode_0_placeholder\n","protected":false},"excerpt":{"rendered":"<p>Zgodnie z zapowiedzi\u0105 27 listopada 2025 r. w naszej Bibliotece odby\u0142o si\u0119 spotkanie autorskie z Ann\u0105 Potyr\u0105, autork\u0105 krymina\u0142\u00f3w dla &hellip;<\/p>\n","protected":false},"author":1,"featured_media":4244,"comment_status":"closed","ping_status":"open","sticky":false,"template":"","format":"standard","meta":{"ngg_post_thumbnail":0,"footnotes":""},"categories":[4],"tags":[],"class_list":["post-4233","post","type-post","status-publish","format-standard","has-post-thumbnail","hentry","category-aktualnosci"],"_links":{"self":[{"href":"https:\/\/filiazdunskawola.bpsieradz.pl\/index.php?rest_route=\/wp\/v2\/posts\/4233","targetHints":{"allow":["GET"]}}],"collection":[{"href":"https:\/\/filiazdunskawola.bpsieradz.pl\/index.php?rest_route=\/wp\/v2\/posts"}],"about":[{"href":"https:\/\/filiazdunskawola.bpsieradz.pl\/index.php?rest_route=\/wp\/v2\/types\/post"}],"author":[{"embeddable":true,"href":"https:\/\/filiazdunskawola.bpsieradz.pl\/index.php?rest_route=\/wp\/v2\/users\/1"}],"replies":[{"embeddable":true,"href":"https:\/\/filiazdunskawola.bpsieradz.pl\/index.php?rest_route=%2Fwp%2Fv2%2Fcomments&post=4233"}],"version-history":[{"count":1,"href":"https:\/\/filiazdunskawola.bpsieradz.pl\/index.php?rest_route=\/wp\/v2\/posts\/4233\/revisions"}],"predecessor-version":[{"id":4245,"href":"https:\/\/filiazdunskawola.bpsieradz.pl\/index.php?rest_route=\/wp\/v2\/posts\/4233\/revisions\/4245"}],"wp:featuredmedia":[{"embeddable":true,"href":"https:\/\/filiazdunskawola.bpsieradz.pl\/index.php?rest_route=\/wp\/v2\/media\/4244"}],"wp:attachment":[{"href":"https:\/\/filiazdunskawola.bpsieradz.pl\/index.php?rest_route=%2Fwp%2Fv2%2Fmedia&parent=4233"}],"wp:term":[{"taxonomy":"category","embeddable":true,"href":"https:\/\/filiazdunskawola.bpsieradz.pl\/index.php?rest_route=%2Fwp%2Fv2%2Fcategories&post=4233"},{"taxonomy":"post_tag","embeddable":true,"href":"https:\/\/filiazdunskawola.bpsieradz.pl\/index.php?rest_route=%2Fwp%2Fv2%2Ftags&post=4233"}],"curies":[{"name":"wp","href":"https:\/\/api.w.org\/{rel}","templated":true}]}}