{"id":4188,"date":"2025-11-18T10:59:46","date_gmt":"2025-11-18T09:59:46","guid":{"rendered":"https:\/\/filiazdunskawola.bpsieradz.pl\/?p=4188"},"modified":"2025-11-18T10:59:47","modified_gmt":"2025-11-18T09:59:47","slug":"konkurs-na-filmik-promujacy-miasto-zdunska-wola-rozstrzygniety","status":"publish","type":"post","link":"https:\/\/filiazdunskawola.bpsieradz.pl\/?p=4188","title":{"rendered":"Konkurs na filmik promuj\u0105cy miasto Zdu\u0144ska Wola rozstrzygni\u0119ty."},"content":{"rendered":"<div class=\"wp-block-image\">\n<figure class=\"aligncenter size-full\"><a href=\"https:\/\/bo.lodzkie.pl\/\"><img loading=\"lazy\" decoding=\"async\" width=\"567\" height=\"113\" src=\"http:\/\/filiazdunskawola.bpsieradz.pl\/wp-content\/uploads\/2025\/03\/Belki-01.jpg\" alt=\"\" class=\"wp-image-3380\" srcset=\"https:\/\/filiazdunskawola.bpsieradz.pl\/wp-content\/uploads\/2025\/03\/Belki-01.jpg 567w, https:\/\/filiazdunskawola.bpsieradz.pl\/wp-content\/uploads\/2025\/03\/Belki-01-300x60.jpg 300w, https:\/\/filiazdunskawola.bpsieradz.pl\/wp-content\/uploads\/2025\/03\/Belki-01-421x84.jpg 421w\" sizes=\"auto, (max-width: 567px) 100vw, 567px\" \/><\/a><\/figure>\n<\/div>\n\n\n<p class=\"wp-block-paragraph\">W dniu dzisiejszym odby\u0142o si\u0119 uroczyste rozstrzygni\u0119cie konkursu na filmik promuj\u0105cy nasze zadanie&nbsp;&nbsp; &nbsp;z Bud\u017cetu Obywatelskiego na 2025 r. pn. &#8222;Zdu\u0144ska Wola &#8211; moje miasto, m\u00f3j dom&#8221;. Oceny z\u0142o\u017conych prac dokona\u0142a komisja konkursowa w sk\u0142adzie: Pani Karolina Sma\u017cek &#8211; nauczyciel plastyki z Zespo\u0142u Szk\u00f3\u0142 Aktywno\u015bci Zawodowej w Zdu\u0144skiej Woli, Pani Daniela Danielewska &#8211; Matusiak \u2013 dyrektor Centrum Rozwoju Edukacji Wojew\u00f3dztwa \u0141\u00f3dzkiego w Sieradzu oraz Pan Adam Marciniak &#8211; fotograf, moviemaker i nauczyciel z wykszta\u0142cenia. Przy ocenie projekt\u00f3w Jury wzi\u0119\u0142o pod uwag\u0119 nast\u0119puj\u0105ce kryteria: zgodno\u015b\u0107&nbsp; z tematem konkursu, poziom artystyczny, oryginalno\u015b\u0107 i kreatywno\u015b\u0107 pracy.<\/p>\n\n\n\n<p class=\"wp-block-paragraph\">Ka\u017cdy z uczestnik\u00f3w konkursu otrzyma\u0142 bon podarunkowy do Ksi\u0119garni \u201eNa rogu&#8221; oraz pami\u0105tkowy dyplom, kt\u00f3re wr\u0119czy\u0142a Pani Daniela Danielewska-Matusiak &#8211; dyrektor Centrum Rozwoju Edukacji Wojew\u00f3dztwa \u0141\u00f3dzkiego w Sieradzu.<\/p>\n\n\n\n<p class=\"wp-block-paragraph\">Oto nagrodzeni:<\/p>\n\n\n\n<p class=\"wp-block-paragraph\">I miejsce \u2013 Amelia Pietrzak i Julia Stanis\u0142awska, uczennice V klasy z Zespo\u0142u Szk\u00f3\u0142 Zawodowych nr 1\u00a0w Zdu\u0144skiej Woli.<\/p>\n\n\n\n<p class=\"wp-block-paragraph\">II miejsce \u2013 Marcel Misiak, Mi\u0142osz Olejnik i Szymon Wronka, uczniowie II klasy z Zespo\u0142u Szk\u00f3\u0142 Elektronicznych im. Stanis\u0142awa Staszica w Zdu\u0144skiej Woli.<\/p>\n\n\n\n<p class=\"wp-block-paragraph\">III miejsce \u2013 Alicja Witaszewska, uczennica I klasy II Liceum Og\u00f3lnokszta\u0142c\u0105cego im. Jana Paw\u0142a II w Zdu\u0144skiej Woli.<\/p>\n\n\n\n<p class=\"wp-block-paragraph\">Wszystkim uczestnikom serdecznie gratulujemy i dzi\u0119kujemy za udzia\u0142 w konkursie.<\/p>\n\n\n\n<p class=\"wp-block-paragraph\">Dzia\u0142anie zrealizowane zosta\u0142o w ramach zadania pn. &#8222;Zdu\u0144ska Wola &#8211; moje miasto, m\u00f3j dom&#8221; Bud\u017cet Obywatelski Wojew\u00f3dztwa \u0141\u00f3dzkiego&#8221; \u0141\u00d3DZKIE NA PLUS&#8221; na 2025 rok.<\/p>\n\n\n\nngg_shortcode_0_placeholder\n","protected":false},"excerpt":{"rendered":"<p>W dniu dzisiejszym odby\u0142o si\u0119 uroczyste rozstrzygni\u0119cie konkursu na filmik promuj\u0105cy nasze zadanie&nbsp;&nbsp; &nbsp;z Bud\u017cetu Obywatelskiego na 2025 r. pn. &hellip;<\/p>\n","protected":false},"author":1,"featured_media":4198,"comment_status":"closed","ping_status":"open","sticky":false,"template":"","format":"standard","meta":{"ngg_post_thumbnail":0,"footnotes":""},"categories":[4],"tags":[],"class_list":["post-4188","post","type-post","status-publish","format-standard","has-post-thumbnail","hentry","category-aktualnosci"],"_links":{"self":[{"href":"https:\/\/filiazdunskawola.bpsieradz.pl\/index.php?rest_route=\/wp\/v2\/posts\/4188","targetHints":{"allow":["GET"]}}],"collection":[{"href":"https:\/\/filiazdunskawola.bpsieradz.pl\/index.php?rest_route=\/wp\/v2\/posts"}],"about":[{"href":"https:\/\/filiazdunskawola.bpsieradz.pl\/index.php?rest_route=\/wp\/v2\/types\/post"}],"author":[{"embeddable":true,"href":"https:\/\/filiazdunskawola.bpsieradz.pl\/index.php?rest_route=\/wp\/v2\/users\/1"}],"replies":[{"embeddable":true,"href":"https:\/\/filiazdunskawola.bpsieradz.pl\/index.php?rest_route=%2Fwp%2Fv2%2Fcomments&post=4188"}],"version-history":[{"count":1,"href":"https:\/\/filiazdunskawola.bpsieradz.pl\/index.php?rest_route=\/wp\/v2\/posts\/4188\/revisions"}],"predecessor-version":[{"id":4199,"href":"https:\/\/filiazdunskawola.bpsieradz.pl\/index.php?rest_route=\/wp\/v2\/posts\/4188\/revisions\/4199"}],"wp:featuredmedia":[{"embeddable":true,"href":"https:\/\/filiazdunskawola.bpsieradz.pl\/index.php?rest_route=\/wp\/v2\/media\/4198"}],"wp:attachment":[{"href":"https:\/\/filiazdunskawola.bpsieradz.pl\/index.php?rest_route=%2Fwp%2Fv2%2Fmedia&parent=4188"}],"wp:term":[{"taxonomy":"category","embeddable":true,"href":"https:\/\/filiazdunskawola.bpsieradz.pl\/index.php?rest_route=%2Fwp%2Fv2%2Fcategories&post=4188"},{"taxonomy":"post_tag","embeddable":true,"href":"https:\/\/filiazdunskawola.bpsieradz.pl\/index.php?rest_route=%2Fwp%2Fv2%2Ftags&post=4188"}],"curies":[{"name":"wp","href":"https:\/\/api.w.org\/{rel}","templated":true}]}}