{"id":4185,"date":"2025-11-18T08:23:43","date_gmt":"2025-11-18T07:23:43","guid":{"rendered":"https:\/\/filiazdunskawola.bpsieradz.pl\/?p=4185"},"modified":"2025-11-18T08:23:43","modified_gmt":"2025-11-18T07:23:43","slug":"spotkanie-autorskie-z-anna-potyra","status":"publish","type":"post","link":"https:\/\/filiazdunskawola.bpsieradz.pl\/?p=4185","title":{"rendered":"Spotkanie autorskie z Ann\u0105 Potyr\u0105."},"content":{"rendered":"\n<p class=\"wp-block-paragraph\">Serdecznie zapraszamy na wyj\u0105tkowe spotkanie z jedn\u0105 z najciekawszych wsp\u00f3\u0142czesnych polskich pisarek \u2014 Ann\u0105 Potyr\u0105. Jej debiutancka powie\u015b\u0107 \u201ePch\u0142a\u201d zdoby\u0142a wyr\u00f3\u017cnienie Komendanta Szko\u0142y Policji w Pile w konkursie dla Najlepszej Polskiej Miejskiej Powie\u015bci Kryminalnej roku 2019, a powie\u015b\u0107 &#8222;Kat&#8221; zosta\u0142a nominowana do Nagrody Wielkiego Kalibru w 2024 roku na Mi\u0119dzynarodowym Festiwalu Krymina\u0142u. Najnowsza ksi\u0105\u017cka \u201ePiel\u0119gniarka\u201d, kt\u00f3ra mia\u0142a premier\u0119 03 wrze\u015bnia 2025 r. zaskakuje czytelnik\u00f3w nowym, historycznym wymiarem. Spotkanie b\u0119dzie doskona\u0142\u0105 okazj\u0105 do poznania fascynuj\u0105cej kariery autorki, kt\u00f3ra \u0142\u0105czy gatunki \u2014 od mrocznych krymina\u0142\u00f3w, przez literatur\u0119 dzieci\u0119c\u0105, a\u017c po powie\u015b\u0107 osadzon\u0105 w realiach mi\u0119dzywojennej Polski.<\/p>\n\n\n\n<p class=\"wp-block-paragraph\">Zapraszamy wszystkich mi\u0142o\u015bnik\u00f3w literatury.<\/p>\n\n\n<div class=\"wp-block-image\">\n<figure class=\"aligncenter size-large\"><img loading=\"lazy\" decoding=\"async\" width=\"724\" height=\"1024\" src=\"http:\/\/filiazdunskawola.bpsieradz.pl\/wp-content\/uploads\/2025\/11\/SPOTKANIE-AUTORSKIE-ANNA-POTYRA-\u2014-PLAKAT-724x1024.jpg\" alt=\"\" class=\"wp-image-4186\" srcset=\"https:\/\/filiazdunskawola.bpsieradz.pl\/wp-content\/uploads\/2025\/11\/SPOTKANIE-AUTORSKIE-ANNA-POTYRA-\u2014-PLAKAT-724x1024.jpg 724w, https:\/\/filiazdunskawola.bpsieradz.pl\/wp-content\/uploads\/2025\/11\/SPOTKANIE-AUTORSKIE-ANNA-POTYRA-\u2014-PLAKAT-212x300.jpg 212w, https:\/\/filiazdunskawola.bpsieradz.pl\/wp-content\/uploads\/2025\/11\/SPOTKANIE-AUTORSKIE-ANNA-POTYRA-\u2014-PLAKAT-768x1086.jpg 768w, https:\/\/filiazdunskawola.bpsieradz.pl\/wp-content\/uploads\/2025\/11\/SPOTKANIE-AUTORSKIE-ANNA-POTYRA-\u2014-PLAKAT-1086x1536.jpg 1086w, https:\/\/filiazdunskawola.bpsieradz.pl\/wp-content\/uploads\/2025\/11\/SPOTKANIE-AUTORSKIE-ANNA-POTYRA-\u2014-PLAKAT-1448x2048.jpg 1448w, https:\/\/filiazdunskawola.bpsieradz.pl\/wp-content\/uploads\/2025\/11\/SPOTKANIE-AUTORSKIE-ANNA-POTYRA-\u2014-PLAKAT-156x220.jpg 156w, https:\/\/filiazdunskawola.bpsieradz.pl\/wp-content\/uploads\/2025\/11\/SPOTKANIE-AUTORSKIE-ANNA-POTYRA-\u2014-PLAKAT.jpg 1587w\" sizes=\"auto, (max-width: 724px) 100vw, 724px\" \/><\/figure>\n<\/div>","protected":false},"excerpt":{"rendered":"<p>Serdecznie zapraszamy na wyj\u0105tkowe spotkanie z jedn\u0105 z najciekawszych wsp\u00f3\u0142czesnych polskich pisarek \u2014 Ann\u0105 Potyr\u0105. Jej debiutancka powie\u015b\u0107 \u201ePch\u0142a\u201d zdoby\u0142a &hellip;<\/p>\n","protected":false},"author":1,"featured_media":4186,"comment_status":"closed","ping_status":"open","sticky":false,"template":"","format":"standard","meta":{"ngg_post_thumbnail":0,"footnotes":""},"categories":[4],"tags":[],"class_list":["post-4185","post","type-post","status-publish","format-standard","has-post-thumbnail","hentry","category-aktualnosci"],"_links":{"self":[{"href":"https:\/\/filiazdunskawola.bpsieradz.pl\/index.php?rest_route=\/wp\/v2\/posts\/4185","targetHints":{"allow":["GET"]}}],"collection":[{"href":"https:\/\/filiazdunskawola.bpsieradz.pl\/index.php?rest_route=\/wp\/v2\/posts"}],"about":[{"href":"https:\/\/filiazdunskawola.bpsieradz.pl\/index.php?rest_route=\/wp\/v2\/types\/post"}],"author":[{"embeddable":true,"href":"https:\/\/filiazdunskawola.bpsieradz.pl\/index.php?rest_route=\/wp\/v2\/users\/1"}],"replies":[{"embeddable":true,"href":"https:\/\/filiazdunskawola.bpsieradz.pl\/index.php?rest_route=%2Fwp%2Fv2%2Fcomments&post=4185"}],"version-history":[{"count":1,"href":"https:\/\/filiazdunskawola.bpsieradz.pl\/index.php?rest_route=\/wp\/v2\/posts\/4185\/revisions"}],"predecessor-version":[{"id":4187,"href":"https:\/\/filiazdunskawola.bpsieradz.pl\/index.php?rest_route=\/wp\/v2\/posts\/4185\/revisions\/4187"}],"wp:featuredmedia":[{"embeddable":true,"href":"https:\/\/filiazdunskawola.bpsieradz.pl\/index.php?rest_route=\/wp\/v2\/media\/4186"}],"wp:attachment":[{"href":"https:\/\/filiazdunskawola.bpsieradz.pl\/index.php?rest_route=%2Fwp%2Fv2%2Fmedia&parent=4185"}],"wp:term":[{"taxonomy":"category","embeddable":true,"href":"https:\/\/filiazdunskawola.bpsieradz.pl\/index.php?rest_route=%2Fwp%2Fv2%2Fcategories&post=4185"},{"taxonomy":"post_tag","embeddable":true,"href":"https:\/\/filiazdunskawola.bpsieradz.pl\/index.php?rest_route=%2Fwp%2Fv2%2Ftags&post=4185"}],"curies":[{"name":"wp","href":"https:\/\/api.w.org\/{rel}","templated":true}]}}